{"id":1217,"date":"2018-01-22T22:22:51","date_gmt":"2018-01-22T21:22:51","guid":{"rendered":"http:\/\/chorzow.zhp.pl\/?p=1217"},"modified":"2018-01-22T22:32:24","modified_gmt":"2018-01-22T21:32:24","slug":"zimowy-zlot-choragwi-slaskiej","status":"publish","type":"post","link":"https:\/\/chorzow.zhp.pl\/?p=1217","title":{"rendered":"Zimowy Zlot Chor\u0105gwi \u015al\u0105skiej"},"content":{"rendered":"<p>Serdecznie zapraszamy chorzowskie gromady i dru\u017cyny do udzia\u0142u w dniu 24.02.2018r. w Zimowym Zlocie Chor\u0105gwi \u015al\u0105skiej.<\/p>\n<p><!--more--><\/p>\n<p>Zimowy Zlot Chor\u0105gwi \u015al\u0105skiej ZHP\u00a0odbywa si\u0119 pod\u00a0honorowym patronatem\u00a0arcybiskupa Wiktora Skworca \u2013 Metropolity katowickiego\u00a0oraz<br \/>\nprezydenta Piekar \u015al\u0105skich \u2013 Pani S\u0142awy Umi\u0144skiej \u2013 Duraj<\/p>\n<ul>\n<li><strong>Cel:<\/strong><br \/>\nCelem Zlotu jest zawierzenie opiece Naj\u015bwi\u0119tszej Marii Panny \u2013 Matce Boskiej Piekarskiej Harcerzy i\u00a0Harcerek z\u00a0Chor\u0105gwi \u015al\u0105skiej Zwi\u0105zku Harcerstwa Polskiego w\u00a0100 \u2013lecie utworzenia ZHP, upami\u0119tnienie 100-lecia powstania Zwi\u0105zku Harcerstwa Polskiego oraz\u00a0przygotowanie do\u00a0wprowadzenia relikwii b\u0142ogos\u0142awionego Wincentego Stefana Frelichowskiego \u2013 patrona polskich harcerzy do\u00a0Sanktuarium Piekarskiego.<\/li>\n<li><strong>Termin i\u00a0miejsce:<\/strong><br \/>\nZlot odb\u0119dzie si\u0119 w\u00a0dniu 24.02.2018r. w\u00a0Piekarach \u015al\u0105skich<\/li>\n<\/ul>\n<p>W\u00a0dniu 24 lutego 2018\u00a0(tj.\u00a0w\u00a0sobot\u0119) o\u00a0godz. 11.00 zostanie odprawiona Msza \u015aw. pod\u00a0przewodnictwem Ksi\u0119dza Arcybiskupa Seniora Damiana Zimonia \u2013 Laureata Wyr\u00f3\u017cnienia Niezawodny Przyjaciel Zwi\u0105zku Harcerstwa Polskiego podczas, kt\u00f3rej\u00a0\u015bl\u0105scy harcerze dokonaj\u0105 aktu zawierzenia Marce Bo\u017cej oraz\u00a0uczcz\u0105 relikwie patrona polskich harcerzy b\u0142.\u00a0Wincentego Stefana Frelichowskiego \u2013 druha Wicka.<\/p>\n<ul>\n<li><strong>Organizator :<\/strong><br \/>\nOrganizatorem Zlotu jest Chor\u0105giew \u015al\u0105ska Zwi\u0105zku Harcerstwa Polskiego<br \/>\nw Katowicach. Organizatorem obchod\u00f3w religijnych s\u0105 wsp\u00f3lnie: Zwi\u0105zek Harcerstwa Rzeczypospolitej, Stowarzyszenie Skauci Europy oraz\u00a0Zwi\u0105zek Harcerstwa Polskiego Chor\u0105giew \u015al\u0105ska.<\/li>\n<li><strong>Odp\u0142atno\u015b\u0107:<\/strong><br \/>\nOdp\u0142atno\u015b\u0107 za\u00a0udzia\u0142 w\u00a0Zlocie wynosi 20 z\u0142. Obejmuje koszty: transportu,\u00a0 ciep\u0142ego posi\u0142ku, herbaty, dost\u0119pu do\u00a0wrz\u0105tku, materia\u0142\u00f3w programowych, itp. Odp\u0142atno\u015b\u0107 nale\u017cy przela\u0107 na\u00a0konto Komendy Hufca do dnia 15 lutego br.<\/li>\n<li><strong>Zg\u0142oszenia:<\/strong><br \/>\nZg\u0142oszenia na\u00a0 specjalnym formularzu\u00a0 do\u00a010.02.2018r. <a href=\"https:\/\/forms.office.com\/Pages\/ResponsePage.aspx?id=Ho024XU55kyJPfw1H9RNzQW-VNqgeD1AvsNlM1eC5DlUMVMxRFBZWkRSWFU0VTVWNU5ON0laUEE5UiQlQCN0PWcu\">formularz zg\u0142oszeniowy<\/a><\/li>\n<li><strong>Ramowy program Zlotu<\/strong><\/li>\n<\/ul>\n<p>sobota, 24.02.2018\u00a0r.<\/p>\n<p>8.00 \u2013 9.30 Rejestracja uczestnik\u00f3w w\u00a0Biurze Zlotu na\u00a0Rajskim Placu<br \/>\nw Piekarach \u015al\u0105skich<br \/>\n9.45 \u2013 9.55 Ustawienie w\u00a0szyku apelowym na\u00a0Rajskim Placu<br \/>\n10.00 \u2013 10.45 Wsp\u00f3lny uroczysty apel organizacji harcerskich oraz\u00a0zaproszonych go\u015bci<br \/>\n10.45 \u2013 11.00 Przej\u015bcie do\u00a0Bazyliki Piekarskiej<br \/>\n11.00 \u2013 12.00 Msza \u015aw. pod\u00a0z\u00a0udzia\u0142em relikwii patrona polskich<br \/>\n12.00 \u2013 12.30 Odprawa Szef\u00f3w Reprezentacji Hufcowych Chor\u0105gwi \u015al\u0105skiej na\u00a0Placu Rajskim przy Bazylice<br \/>\n12.30 \u2013 16.30 Zaj\u0119cia programowe w\u00a0grupach wiekowych z\u00a0przerw\u0105 na\u00a0ciep\u0142y posi\u0142ek<br \/>\n16. 30 \u2013 17.00 Po\u017cegnalny kr\u0105g przy Pomniku Jana Paw\u0142a II i\u00a0zako\u0144czenie Zlotu<\/p>\n<p><strong>Zuchy<\/strong> zapraszamy do\u00a0udzia\u0142u w\u00a0turnieju pod\u00a0nazw\u0105 \u201eO tarcz\u0119 Antka Cwaniaka\u201d<\/p>\n<p><strong>Harcerzom i\u00a0harcerzom starszym<\/strong> proponujemy gr\u0119 miejsk\u0105 oparta o\u00a0histori\u0119 i\u00a0tradycj\u0119 harcerstwa, Dzie\u0144 My\u015bli Braterskiej oraz\u00a0o\u00a0ma\u0142o czasem znane atrakcje Piekar \u015al\u0105skich<\/p>\n<p><strong>W\u0119drownik\u00f3w<\/strong> zapraszamy do\u00a0udzia\u0142u w\u00a0grze zawieraj\u0105cej w\u00a0sobie wszystkie wa\u017cne elementy ruchu w\u0119drowniczego \u2013 wyczynu, s\u0142u\u017cby i\u00a0samorozwoju.<\/p>\n","protected":false},"excerpt":{"rendered":"<p>Serdecznie zapraszamy chorzowskie gromady i dru\u017cyny do udzia\u0142u w dniu 24.02.2018r. w Zimowym Zlocie Chor\u0105gwi \u015al\u0105skiej.<\/p>\n","protected":false},"author":1,"featured_media":0,"comment_status":"closed","ping_status":"closed","sticky":false,"template":"","format":"standard","meta":{"footnotes":""},"categories":[5],"tags":[],"class_list":["post-1217","post","type-post","status-publish","format-standard","hentry","category-aktualnosci"],"_links":{"self":[{"href":"https:\/\/chorzow.zhp.pl\/index.php?rest_route=\/wp\/v2\/posts\/1217","targetHints":{"allow":["GET"]}}],"collection":[{"href":"https:\/\/chorzow.zhp.pl\/index.php?rest_route=\/wp\/v2\/posts"}],"about":[{"href":"https:\/\/chorzow.zhp.pl\/index.php?rest_route=\/wp\/v2\/types\/post"}],"author":[{"embeddable":true,"href":"https:\/\/chorzow.zhp.pl\/index.php?rest_route=\/wp\/v2\/users\/1"}],"replies":[{"embeddable":true,"href":"https:\/\/chorzow.zhp.pl\/index.php?rest_route=%2Fwp%2Fv2%2Fcomments&post=1217"}],"version-history":[{"count":2,"href":"https:\/\/chorzow.zhp.pl\/index.php?rest_route=\/wp\/v2\/posts\/1217\/revisions"}],"predecessor-version":[{"id":1219,"href":"https:\/\/chorzow.zhp.pl\/index.php?rest_route=\/wp\/v2\/posts\/1217\/revisions\/1219"}],"wp:attachment":[{"href":"https:\/\/chorzow.zhp.pl\/index.php?rest_route=%2Fwp%2Fv2%2Fmedia&parent=1217"}],"wp:term":[{"taxonomy":"category","embeddable":true,"href":"https:\/\/chorzow.zhp.pl\/index.php?rest_route=%2Fwp%2Fv2%2Fcategories&post=1217"},{"taxonomy":"post_tag","embeddable":true,"href":"https:\/\/chorzow.zhp.pl\/index.php?rest_route=%2Fwp%2Fv2%2Ftags&post=1217"}],"curies":[{"name":"wp","href":"https:\/\/api.w.org\/{rel}","templated":true}]}}