{"id":1488,"date":"2019-01-24T15:41:26","date_gmt":"2019-01-24T14:41:26","guid":{"rendered":"https:\/\/chorzow.zhp.pl\/?p=1488"},"modified":"2019-01-24T15:42:05","modified_gmt":"2019-01-24T14:42:05","slug":"ii-zimowy-zlot-choragwi-slaskiej","status":"publish","type":"post","link":"https:\/\/chorzow.zhp.pl\/?p=1488","title":{"rendered":"II Zimowy Zlot Chor\u0105gwi \u015al\u0105skiej"},"content":{"rendered":"\n<p>Serdecznie zapraszamy na <strong>II Zimowy Zlot Chor\u0105gwi<\/strong>, kt\u00f3ry odb\u0119dzie si\u0119 23\u00a0lutego 2019\u00a0roku w\u00a0Piekarach \u015al\u0105skich.<\/p>\n\n\n\n<p><strong>Organizacja imprezy ma na\u00a0celu:<\/strong><\/p>\n\n\n\n<ul class=\"wp-block-list\"><li> uczczenie pierwszej rocznicy wprowadzenia relikwii \nb\u0142ogos\u0142awionego Wincentego Stefana Frelichowskiego \u2013 patrona polskich \nharcerzy do&nbsp;Sanktuarium Piekarskiego;<\/li><li> ponowne zawierzenie \nopiece Naj\u015bwi\u0119tszej Marii Panny \u2013 Matce Boskiej Piekarskiej Harcerzy \ni&nbsp;Harcerek z&nbsp;Chor\u0105gwi \u015al\u0105skiej Zwi\u0105zku Harcerstwa Polskiego;<\/li><li>uczczenie kolejnej edycji Dnia My\u015bli Braterskiej;<\/li><li>podzi\u0119kowanie za&nbsp;jubileuszowy rok obchod\u00f3w ZHP 100-lecia na&nbsp;ziemiach \u015bl\u0105skich;<\/li><li>integracj\u0119 \u015brodowisk harcerskich, tworz\u0105cych wsp\u00f3lnot\u0119 \u015al\u0105skiej Chor\u0105gwi ZHP.<\/li><\/ul>\n\n\n\n<p><strong>Plan imprezy przewiduje mi\u0119dzy innymi:<\/strong><\/p>\n\n\n\n<ul class=\"wp-block-list\"><li>. uroczysty apel \u2013 kt\u00f3ry\u00a0b\u0119dzie elementem wprowadzaj\u0105cym do\u00a0ca\u0142o\u015bci Zlotu;<\/li><li>msz\u0119 \u015bwi\u0119t\u0105 celebrowan\u0105 w\u00a0intencji harcerek i\u00a0harcerzy \u015al\u0105skiej Chor\u0105gwi ZHP;<\/li><li>drug\u0105  edycj\u0119 zuchowego \u201eTurnieju o\u00a0tarcz\u0119 Antka Cwaniaka\u201d \u2013 impreza  o\u00a0charakterze turnieju sprawno\u015bciowego, gdzie poszczeg\u00f3lne konkurencje  b\u0119d\u0105 w\u00a0swej tre\u015bci bezpo\u015brednio lub po\u015brednio nawi\u0105zywa\u0142y do\u00a0cech  charakteru patrona Zlotu \u2013 b\u0142.\u00a0Wincentego Stefana Frelichowskiego \u2013  druha Wicka;<\/li><li>\u201eZimowy Turniej Zast\u0119p\u00f3w\u201d \u2013 imprez\u0119 skierowan\u0105  do\u00a0harcerzy \/ harcerzy starszych. Uczestnicz\u0105ce w\u00a0turnieju zast\u0119py b\u0119d\u0105  musia\u0142y pokona\u0107 tras\u0119 biegu harcerskiego, w\u00a0trakcie kt\u00f3rego\u00a0wykonaj\u0105  kilkana\u015bcie zada\u0144, tematycznie nawi\u0105zuj\u0105cych do\u00a0technik harcerskich,  historii patrona Zlotu \u2013 b\u0142.\u00a0Wincentego Stefana Frelichowskiego \u2013 druha  Wicka oraz\u00a0historii Piekar \u015al\u0105skich;<\/li><li>konferencj\u0119 w\u0119drownicz\u0105  pod\u00a0has\u0142em: \u201eLosy \u015bwiata przy ciastku i\u00a0kawie\u201d \u2013 uczestnicy konferencji  skupi\u0105 si\u0119 na\u00a0problemach \u015bwiata i\u00a0naszej ma\u0142ej ojczyzny;<\/li><li>uroczysty kominek Referatu Seniora zorganizowany pod\u00a0has\u0142em: \u201eDzie\u0144 My\u015bli Braterskiej z\u00a0dh. Wickiem\u201d.<\/li><\/ul>\n\n\n\n<p><strong>Ramowy plan Zlotu:<\/strong><\/p>\n\n\n\n<p>10:30 \u2013 11:15 \u2013 rejestracja uczestnik\u00f3w w\u00a0Biurze Zlotu na\u00a0Rajskim Placu w\u00a0Piekarach \u015al\u0105skich;<\/p>\n\n\n\n<p>11:15 \u2013 11:30 \u2013 ustawienie w&nbsp;szyku apelowym na&nbsp;Rajskim Placu;<\/p>\n\n\n\n<p>11:30 \u2013 11:50 \u2013 uroczysty apel rozpoczynaj\u0105cy Zlot;<\/p>\n\n\n\n<p>11:50 \u2013 12:00 \u2013 przej\u015bcie do&nbsp;Bazyliki Piekarskiej;<\/p>\n\n\n\n<p>12:00 \u2013 13:15 \u2013 msza \u015bwi\u0119ta;<\/p>\n\n\n\n<p>13:15 \u2013 13:30 \u2013 odprawa Szef\u00f3w Reprezentacji Hufcowych Chor\u0105gwi \u015al\u0105skiej na&nbsp;Placu Rajskim przy Bazylice;<\/p>\n\n\n\n<p>13:30 \u2013 17:00 \u2013 zaj\u0119cia programowe w\u00a0grupach wiekowych z\u00a0przerw\u0105 na\u00a0ciep\u0142y posi\u0142ek.<\/p>\n\n\n\n<p><strong>ZG\u0141OSZENIA<\/strong> do 15 lutego, w siedzibie hufca.<\/p>\n\n\n\n<p><strong>KOSZT UDZIA\u0141U<\/strong>: 20 z\u0142 od osoby, kt\u00f3re nale\u017cy wp\u0142aci\u0107 na konto hufca z dopiskiem  B5\/2019 + imi\u0119 i nazwisko dziecka.  <\/p>\n\n\n\n<p> W\u00a0ramach w\/w odp\u0142atno\u015bci organizator zapewnia ciep\u0142y posi\u0142ek, herbat\u0119 oraz\u00a0materia\u0142y programowe i przejazd do Piekar i z powrotem. <br><\/p>\n\n\n\n<p> <\/p>\n","protected":false},"excerpt":{"rendered":"<p>Serdecznie zapraszamy na II Zimowy Zlot Chor\u0105gwi, kt\u00f3ry odb\u0119dzie si\u0119 23\u00a0lutego 2019\u00a0roku w\u00a0Piekarach \u015al\u0105skich. Organizacja imprezy ma na\u00a0celu: uczczenie pierwszej<\/p>\n","protected":false},"author":1,"featured_media":0,"comment_status":"closed","ping_status":"closed","sticky":false,"template":"","format":"standard","meta":{"footnotes":""},"categories":[5],"tags":[],"class_list":["post-1488","post","type-post","status-publish","format-standard","hentry","category-aktualnosci"],"_links":{"self":[{"href":"https:\/\/chorzow.zhp.pl\/index.php?rest_route=\/wp\/v2\/posts\/1488","targetHints":{"allow":["GET"]}}],"collection":[{"href":"https:\/\/chorzow.zhp.pl\/index.php?rest_route=\/wp\/v2\/posts"}],"about":[{"href":"https:\/\/chorzow.zhp.pl\/index.php?rest_route=\/wp\/v2\/types\/post"}],"author":[{"embeddable":true,"href":"https:\/\/chorzow.zhp.pl\/index.php?rest_route=\/wp\/v2\/users\/1"}],"replies":[{"embeddable":true,"href":"https:\/\/chorzow.zhp.pl\/index.php?rest_route=%2Fwp%2Fv2%2Fcomments&post=1488"}],"version-history":[{"count":3,"href":"https:\/\/chorzow.zhp.pl\/index.php?rest_route=\/wp\/v2\/posts\/1488\/revisions"}],"predecessor-version":[{"id":1491,"href":"https:\/\/chorzow.zhp.pl\/index.php?rest_route=\/wp\/v2\/posts\/1488\/revisions\/1491"}],"wp:attachment":[{"href":"https:\/\/chorzow.zhp.pl\/index.php?rest_route=%2Fwp%2Fv2%2Fmedia&parent=1488"}],"wp:term":[{"taxonomy":"category","embeddable":true,"href":"https:\/\/chorzow.zhp.pl\/index.php?rest_route=%2Fwp%2Fv2%2Fcategories&post=1488"},{"taxonomy":"post_tag","embeddable":true,"href":"https:\/\/chorzow.zhp.pl\/index.php?rest_route=%2Fwp%2Fv2%2Ftags&post=1488"}],"curies":[{"name":"wp","href":"https:\/\/api.w.org\/{rel}","templated":true}]}}