{"id":3280,"date":"2025-11-07T09:12:56","date_gmt":"2025-11-07T08:12:56","guid":{"rendered":"https:\/\/chorzow.zhp.pl\/?p=3280"},"modified":"2025-11-07T09:12:57","modified_gmt":"2025-11-07T08:12:57","slug":"45-lat-pod-zaglami-historia-50-harcerskiej-druzyny-wodnej-drakkar","status":"publish","type":"post","link":"https:\/\/chorzow.zhp.pl\/?p=3280","title":{"rendered":"45 lat pod \u017caglami \u2013 historia 50 Harcerskiej Dru\u017cyny Wodnej \u201eDrakkar\u201d"},"content":{"rendered":"\n<div class=\"wp-block-media-text is-stacked-on-mobile\"><figure class=\"wp-block-media-text__media\"><img loading=\"lazy\" decoding=\"async\" width=\"1024\" height=\"683\" src=\"https:\/\/chorzow.zhp.pl\/wp-content\/uploads\/2025\/11\/510642383_1133024235536376_2994986189744419668_n-1024x683.jpg\" alt=\"\" class=\"wp-image-3281 size-full\" srcset=\"https:\/\/chorzow.zhp.pl\/wp-content\/uploads\/2025\/11\/510642383_1133024235536376_2994986189744419668_n-1024x683.jpg 1024w, https:\/\/chorzow.zhp.pl\/wp-content\/uploads\/2025\/11\/510642383_1133024235536376_2994986189744419668_n-300x200.jpg 300w, https:\/\/chorzow.zhp.pl\/wp-content\/uploads\/2025\/11\/510642383_1133024235536376_2994986189744419668_n-768x512.jpg 768w, https:\/\/chorzow.zhp.pl\/wp-content\/uploads\/2025\/11\/510642383_1133024235536376_2994986189744419668_n-1536x1024.jpg 1536w, https:\/\/chorzow.zhp.pl\/wp-content\/uploads\/2025\/11\/510642383_1133024235536376_2994986189744419668_n.jpg 2048w\" sizes=\"auto, (max-width: 1024px) 100vw, 1024px\" \/><\/figure><div class=\"wp-block-media-text__content\">\n<p>Pocz\u0105tki naszej historii si\u0119gaj\u0105 wrze\u015bnia 1980 roku, kiedy w Technikum Mechaniczno-Elektrycznym w Chorzowie Batorym trzydziestu pi\u0119ciu uczni\u00f3w wraz z wychowawczyni\u0105 Mari\u0105 Nowak za\u0142o\u017cy\u0142o dru\u017cyn\u0119 harcersk\u0105 \u2013 51 KDH. Pierwszym dru\u017cynowym zosta\u0142 <strong>Marek Biegisz<\/strong>, a dru\u017cyna, w\u00f3wczas turystyczna, przyj\u0119\u0142a za swojego bohatera genera\u0142a <strong>Stanis\u0142awa Sosabowskiego<\/strong> \u2013 symbol odwagi, uporu i niez\u0142omno\u015bci.<\/p>\n\n\n\n<p>W 1982 roku funkcj\u0119 dru\u017cynowego obj\u0105\u0142 <strong>Krzysztof Koteja<\/strong>, a Marek Biegisz zosta\u0142 jego przybocznym. Dru\u017cyna dzia\u0142a\u0142a pr\u0119\u017cnie, \u0142\u0105cz\u0105c turystyk\u0119, rajdy i ratownictwo. W 1985 roku ster przej\u0105\u0142 <strong>Rafa\u0142 \u015amiejka<\/strong>, jednak dwa lata p\u00f3\u017aniej druh Koteja powr\u00f3ci\u0142 na funkcj\u0119 dru\u017cynowego \u2013 i to w\u0142a\u015bnie wtedy narodzi\u0142 si\u0119 pomys\u0142 stworzenia <strong>dru\u017cyny wodnej<\/strong>.<\/p>\n\n\n\n<p>Rok 1988 by\u0142 prze\u0142omowy \u2013 rozpocz\u0119to budow\u0119 wodniackiej to\u017csamo\u015bci. Pierwsze sp\u0142ywy nie zawsze ko\u0144czy\u0142y si\u0119 sukcesem, ale determinacja nie ustawa\u0142a. Harcerze zdobywali uprawnienia \u017ceglarskie, tworzy\u0142y si\u0119 nowe za\u0142ogi: \u201eSzotmeni\u201d (<strong>Roman Ptok<\/strong>), \u201eZefir\u201d w Chorzowie Starym, a tak\u017ce za\u0142oga w I LO im. J. S\u0142owackiego (<strong>Rafa\u0142 \u015amiejka<\/strong>).<\/p>\n<\/div><\/div>\n\n\n\n<div class=\"wp-block-media-text has-media-on-the-right is-stacked-on-mobile\"><div class=\"wp-block-media-text__content\">\n<p>W 1992 roku dru\u017cyna liczy\u0142a ju\u017c oko\u0142o 250 os\u00f3b, a woda sta\u0142a si\u0119 jej \u017cywio\u0142em. Dzi\u0119ki wsp\u00f3\u0142pracy z TKKF \u201eZgoda\u201d w \u015awi\u0119toch\u0142owicach harcerze mieli tymczasow\u0105 baz\u0119, lecz prawdziwy dom znale\u017ali dopiero w <strong>P\u0142awniowicach<\/strong>. Tam, w\u0142asnymi r\u0119kami, zbudowali hangar i <strong>Kompleks Wypoczynkowy im. Romana Ptoka (KWIRP)<\/strong> \u2013 dzi\u015b kultowe miejsce 50HDW.<\/p>\n\n\n\n<p>W 1996 roku dru\u017cynowym zosta\u0142 <strong>Henryk Widera<\/strong>, znany wszystkim jako \u201eLolo\u201d \u2013 posta\u0107 nierozerwalnie zwi\u0105zana z Drakkarem. To za jego czas\u00f3w dru\u017cyna rozwija\u0142a flot\u0119 i szkoli\u0142a kolejne pokolenia \u017ceglarzy. W 2001 roku grupa instruktor\u00f3w wyruszy\u0142a nawet na wypraw\u0119 kajakow\u0105 po Islandii.<\/p>\n\n\n\n<p>Od 2003 do 2008 roku funkcj\u0119 dru\u017cynowego pe\u0142ni\u0142 <strong>Tomasz Szromek \u2013 Tomala<\/strong>, pod kt\u00f3rego dow\u00f3dztwem harcerze odbyli rejs szkoleniowy na \u201eZawiszy Czarnym\u201d, wypraw\u0119 na Islandi\u0119 i uczestniczyli w Zlocie ZHP w Kielcach w 2007 roku.<\/p>\n<\/div><figure class=\"wp-block-media-text__media\"><img loading=\"lazy\" decoding=\"async\" width=\"1024\" height=\"683\" src=\"https:\/\/chorzow.zhp.pl\/wp-content\/uploads\/2025\/11\/492936610_1087399130093203_326701549764347443_n-1024x683.jpg\" alt=\"\" class=\"wp-image-3282 size-full\" srcset=\"https:\/\/chorzow.zhp.pl\/wp-content\/uploads\/2025\/11\/492936610_1087399130093203_326701549764347443_n-1024x683.jpg 1024w, https:\/\/chorzow.zhp.pl\/wp-content\/uploads\/2025\/11\/492936610_1087399130093203_326701549764347443_n-300x200.jpg 300w, https:\/\/chorzow.zhp.pl\/wp-content\/uploads\/2025\/11\/492936610_1087399130093203_326701549764347443_n-768x512.jpg 768w, https:\/\/chorzow.zhp.pl\/wp-content\/uploads\/2025\/11\/492936610_1087399130093203_326701549764347443_n-1536x1024.jpg 1536w, https:\/\/chorzow.zhp.pl\/wp-content\/uploads\/2025\/11\/492936610_1087399130093203_326701549764347443_n.jpg 2048w\" sizes=\"auto, (max-width: 1024px) 100vw, 1024px\" \/><\/figure><\/div>\n\n\n\n<div class=\"wp-block-media-text is-stacked-on-mobile\"><figure class=\"wp-block-media-text__media\"><img loading=\"lazy\" decoding=\"async\" width=\"1024\" height=\"576\" src=\"https:\/\/chorzow.zhp.pl\/wp-content\/uploads\/2025\/11\/492009912_1080260080812792_7283586627358202735_n-1024x576.jpg\" alt=\"\" class=\"wp-image-3285 size-full\" srcset=\"https:\/\/chorzow.zhp.pl\/wp-content\/uploads\/2025\/11\/492009912_1080260080812792_7283586627358202735_n-1024x576.jpg 1024w, https:\/\/chorzow.zhp.pl\/wp-content\/uploads\/2025\/11\/492009912_1080260080812792_7283586627358202735_n-300x169.jpg 300w, https:\/\/chorzow.zhp.pl\/wp-content\/uploads\/2025\/11\/492009912_1080260080812792_7283586627358202735_n-768x432.jpg 768w, https:\/\/chorzow.zhp.pl\/wp-content\/uploads\/2025\/11\/492009912_1080260080812792_7283586627358202735_n-1536x864.jpg 1536w, https:\/\/chorzow.zhp.pl\/wp-content\/uploads\/2025\/11\/492009912_1080260080812792_7283586627358202735_n.jpg 2048w\" sizes=\"auto, (max-width: 1024px) 100vw, 1024px\" \/><\/figure><div class=\"wp-block-media-text__content\">\n<p>Rok 2008 przyni\u00f3s\u0142 wa\u017cny moment w historii \u2013 funkcj\u0119 dru\u017cynowej obj\u0119\u0142a <strong>Jolanta Kubacka<\/strong>, pierwsza kobieta w tej roli. Po niej, w latach 2010\u20132011, ster ponownie przej\u0105\u0142 <strong>Henryk Widera<\/strong>, a nast\u0119pnie w 2011 roku <strong>Robert Ostrowski<\/strong>. To w\u0142a\u015bnie za jego czas\u00f3w Drakkar pop\u0142yn\u0105\u0142 na skautowe zloty <strong>Jamboree 2011 w \u00c5hus (Szwecja)<\/strong> oraz <strong>Sea Scout Jamboree 2015 w Aarhus (Dania)<\/strong>.<\/p>\n\n\n\n<p>Od 2016 roku dru\u017cynow\u0105 jest <strong>Marta Szafraniec<\/strong>, pod kt\u00f3rej kierunkiem 50 Harcerska Dru\u017cyna Wodna wci\u0105\u017c dynamicznie si\u0119 rozwija. Dzi\u015b liczy oko\u0142o 100 harcerzy, regularnie organizuje rejsy mazurskie i zagraniczne, a stanica <strong>KWIRP<\/strong> t\u0119tni \u017cyciem \u2013 od kolonii zuchowych po kursy \u017ceglarskie i szkolenia instruktorskie.<\/p>\n<\/div><\/div>\n\n\n\n<div class=\"wp-block-media-text has-media-on-the-right is-stacked-on-mobile\"><div class=\"wp-block-media-text__content\">\n<p>45 lat po swoim powstaniu Drakkar pozostaje symbolem przygody, pasji i braterstwa. Od pierwszych rajd\u00f3w po Ba\u0142tyk i od szkolnej \u0142awki po morskie rejsy \u2013 to historia ludzi, kt\u00f3rzy odwa\u017cyli si\u0119 wyruszy\u0107 w nieznane, trzymaj\u0105c mocno sw\u00f3j kurs.<\/p>\n<\/div><figure class=\"wp-block-media-text__media\"><img loading=\"lazy\" decoding=\"async\" width=\"1024\" height=\"683\" src=\"https:\/\/chorzow.zhp.pl\/wp-content\/uploads\/2025\/11\/512804641_1132981835540616_7064160864467567798_n-1024x683.jpg\" alt=\"\" class=\"wp-image-3286 size-full\" srcset=\"https:\/\/chorzow.zhp.pl\/wp-content\/uploads\/2025\/11\/512804641_1132981835540616_7064160864467567798_n-1024x683.jpg 1024w, https:\/\/chorzow.zhp.pl\/wp-content\/uploads\/2025\/11\/512804641_1132981835540616_7064160864467567798_n-300x200.jpg 300w, https:\/\/chorzow.zhp.pl\/wp-content\/uploads\/2025\/11\/512804641_1132981835540616_7064160864467567798_n-768x512.jpg 768w, https:\/\/chorzow.zhp.pl\/wp-content\/uploads\/2025\/11\/512804641_1132981835540616_7064160864467567798_n-1536x1025.jpg 1536w, https:\/\/chorzow.zhp.pl\/wp-content\/uploads\/2025\/11\/512804641_1132981835540616_7064160864467567798_n.jpg 2048w\" sizes=\"auto, (max-width: 1024px) 100vw, 1024px\" \/><\/figure><\/div>\n","protected":false},"excerpt":{"rendered":"<p>Pocz\u0105tki naszej historii si\u0119gaj\u0105 wrze\u015bnia 1980 roku, kiedy w Technikum Mechaniczno-Elektrycznym w Chorzowie Batorym trzydziestu pi\u0119ciu uczni\u00f3w wraz z wychowawczyni\u0105<\/p>\n","protected":false},"author":2,"featured_media":3290,"comment_status":"closed","ping_status":"closed","sticky":false,"template":"","format":"standard","meta":{"footnotes":""},"categories":[5],"tags":[],"class_list":["post-3280","post","type-post","status-publish","format-standard","has-post-thumbnail","hentry","category-aktualnosci"],"_links":{"self":[{"href":"https:\/\/chorzow.zhp.pl\/index.php?rest_route=\/wp\/v2\/posts\/3280","targetHints":{"allow":["GET"]}}],"collection":[{"href":"https:\/\/chorzow.zhp.pl\/index.php?rest_route=\/wp\/v2\/posts"}],"about":[{"href":"https:\/\/chorzow.zhp.pl\/index.php?rest_route=\/wp\/v2\/types\/post"}],"author":[{"embeddable":true,"href":"https:\/\/chorzow.zhp.pl\/index.php?rest_route=\/wp\/v2\/users\/2"}],"replies":[{"embeddable":true,"href":"https:\/\/chorzow.zhp.pl\/index.php?rest_route=%2Fwp%2Fv2%2Fcomments&post=3280"}],"version-history":[{"count":1,"href":"https:\/\/chorzow.zhp.pl\/index.php?rest_route=\/wp\/v2\/posts\/3280\/revisions"}],"predecessor-version":[{"id":3291,"href":"https:\/\/chorzow.zhp.pl\/index.php?rest_route=\/wp\/v2\/posts\/3280\/revisions\/3291"}],"wp:featuredmedia":[{"embeddable":true,"href":"https:\/\/chorzow.zhp.pl\/index.php?rest_route=\/wp\/v2\/media\/3290"}],"wp:attachment":[{"href":"https:\/\/chorzow.zhp.pl\/index.php?rest_route=%2Fwp%2Fv2%2Fmedia&parent=3280"}],"wp:term":[{"taxonomy":"category","embeddable":true,"href":"https:\/\/chorzow.zhp.pl\/index.php?rest_route=%2Fwp%2Fv2%2Fcategories&post=3280"},{"taxonomy":"post_tag","embeddable":true,"href":"https:\/\/chorzow.zhp.pl\/index.php?rest_route=%2Fwp%2Fv2%2Ftags&post=3280"}],"curies":[{"name":"wp","href":"https:\/\/api.w.org\/{rel}","templated":true}]}}